{"id":1811,"date":"2025-06-16T23:16:22","date_gmt":"2025-06-16T21:16:22","guid":{"rendered":"https:\/\/eichengruen-karlsdorf.de\/egk2017\/?p=1811"},"modified":"2025-10-03T16:03:43","modified_gmt":"2025-10-03T14:03:43","slug":"waldfest-in-bockoed-2025","status":"publish","type":"post","link":"https:\/\/eichengruen-karlsdorf.de\/egk2017\/waldfest-in-bockoed-2025\/","title":{"rendered":"Waldfest in Bock\u00f6d 2025"},"content":{"rendered":"\n<p>Das Waldfest in Bock\u00f6d am 20. Juli verspricht wieder ein Fest f\u00fcr alle Sinne zu werden. Mit einer Auswahl an kulinarischen Gen\u00fcssen wie Steckerlfisch, Grillk\u00f6stlichkeiten, sowie Kaffee und Kuchen, ist f\u00fcr jeden Geschmack etwas dabei. Die Aperolh\u00fctte wird sicherlich ein Highlight f\u00fcr die Erwachsenen sein, w\u00e4hrend die Kinder sich auf das Torwandschie\u00dfen und die H\u00fcpfburgen freuen k\u00f6nnen. Ein Tag im Zeichen der Gemeinschaft, des guten Essens und der Freude f\u00fcr die ganze Familie.<\/p>\n\n\n\n<p>Beginn ab 14:00<\/p>\n","protected":false},"excerpt":{"rendered":"<p>Das Waldfest in Bock\u00f6d am 20. Juli verspricht wieder ein Fest f\u00fcr alle Sinne zu werden. Mit einer Auswahl an kulinarischen Gen\u00fcssen wie Steckerlfisch, Grillk\u00f6stlichkeiten, sowie Kaffee und Kuchen, ist &#8230; <a title=\"Waldfest in Bock\u00f6d 2025\" class=\"read-more\" href=\"https:\/\/eichengruen-karlsdorf.de\/egk2017\/waldfest-in-bockoed-2025\/\" aria-label=\"Mehr Informationen \u00fcber Waldfest in Bock\u00f6d 2025\">Weiterlesen<\/a><\/p>\n","protected":false},"author":3,"featured_media":1808,"comment_status":"closed","ping_status":"closed","sticky":false,"template":"","format":"standard","meta":{"footnotes":""},"categories":[15],"tags":[],"class_list":["post-1811","post","type-post","status-publish","format-standard","has-post-thumbnail","hentry","category-archiv"],"_links":{"self":[{"href":"https:\/\/eichengruen-karlsdorf.de\/egk2017\/wp-json\/wp\/v2\/posts\/1811","targetHints":{"allow":["GET"]}}],"collection":[{"href":"https:\/\/eichengruen-karlsdorf.de\/egk2017\/wp-json\/wp\/v2\/posts"}],"about":[{"href":"https:\/\/eichengruen-karlsdorf.de\/egk2017\/wp-json\/wp\/v2\/types\/post"}],"author":[{"embeddable":true,"href":"https:\/\/eichengruen-karlsdorf.de\/egk2017\/wp-json\/wp\/v2\/users\/3"}],"replies":[{"embeddable":true,"href":"https:\/\/eichengruen-karlsdorf.de\/egk2017\/wp-json\/wp\/v2\/comments?post=1811"}],"version-history":[{"count":1,"href":"https:\/\/eichengruen-karlsdorf.de\/egk2017\/wp-json\/wp\/v2\/posts\/1811\/revisions"}],"predecessor-version":[{"id":1812,"href":"https:\/\/eichengruen-karlsdorf.de\/egk2017\/wp-json\/wp\/v2\/posts\/1811\/revisions\/1812"}],"wp:featuredmedia":[{"embeddable":true,"href":"https:\/\/eichengruen-karlsdorf.de\/egk2017\/wp-json\/wp\/v2\/media\/1808"}],"wp:attachment":[{"href":"https:\/\/eichengruen-karlsdorf.de\/egk2017\/wp-json\/wp\/v2\/media?parent=1811"}],"wp:term":[{"taxonomy":"category","embeddable":true,"href":"https:\/\/eichengruen-karlsdorf.de\/egk2017\/wp-json\/wp\/v2\/categories?post=1811"},{"taxonomy":"post_tag","embeddable":true,"href":"https:\/\/eichengruen-karlsdorf.de\/egk2017\/wp-json\/wp\/v2\/tags?post=1811"}],"curies":[{"name":"wp","href":"https:\/\/api.w.org\/{rel}","templated":true}]}}